{"id":1549,"date":"2015-12-15T11:05:14","date_gmt":"2015-12-15T10:05:14","guid":{"rendered":"http:\/\/2015.konzertdirektion-hohenfels.de\/en\/uncategorized\/weihnachtskonzerte\/"},"modified":"2015-12-15T11:05:14","modified_gmt":"2015-12-15T10:05:14","slug":"weihnachtskonzerte","status":"publish","type":"post","link":"https:\/\/www.konzertdirektion-hohenfels.de\/en\/blog-en\/weihnachtskonzerte\/","title":{"rendered":"Weihnachtskonzerte"},"content":{"rendered":"<p>Im Dezember tritt das sinfonie orchester berlin allj\u00e4hrlich zu staunenswerten H\u00f6chstleistungen auf. Wenn andere Orchester \u00fcber die Feiertage pausieren, gibt das sinfonie orchester berlin in der Philharmonie vier Konzerte, nachmittags um 16 Uhr und abends um 20 Uhr.<\/p>\n<p>Die Nachmittagskonzerte haben \u201epopul\u00e4re\u201c Programme im besten Sinne: Am 25. Dezember sind unter Leitung von <em>Ronald Reuter<\/em> Ausz\u00fcge aus Opern von Mozart, Rossini und Verdi, Ballettmusiken von Tschaikowsky sowie Wiener Operettenmelodien zu h\u00f6ren. Am 26. Dezember dirigiert und moderiert <em>Scott Lawton<\/em> ein Programm mit ber\u00fchmten Filmkompositionen: z. B. der Musik zu \u201eDer wei\u00dfe Hai\u201c und \u201eJurassic Park\u201c (John Williams), \u201eFluch der Karibik\u201c und \u201eGladiator\u201c (Hans Zimmer) sowie \u201eDer Herr der Ringe\u201c (Howard Shore). John Williams und Hans Zimmer sind vielleicht die erfolgreichsten Filmkomponisten der Neuzeit.<\/p>\n<p>Die Abendkonzerte zeigen wiederum die Verbundenheit zu den Berliner Philharmonikern. Beide Dirigenten sind im Hauptberuf Mitglieder der Philharmoniker. Das Konzert am 25. Dezember leitet <em>Stanley Dodds<\/em>, Erster Dirigent des sinfonie orchesters berlin. Als Solist im Zweiten Violinkonzert von Henryk Wieniawski wurde Guy Braunstein, Erster Konzertmeister der Berliner Philharmoniker von 2000 bis 2013, gewonnen. Im gleichen Konzert spielt die israelische Fl\u00f6tistin Gili Schwarzman die Romanze op. 11 von Dvo\u0159\u00e1k in einer Bearbeitung f\u00fcr Fl\u00f6te und Orchester. Die erst 15-j\u00e4hrige Clara Schuricht musiziert das Hornkonzert Nr. 1 von Richard Strauss und der aus Argentinien stammende Pianist Emilio Peroni Gershwins Rhapsody in blue.<\/p>\n<p>Dirigent des Konzertes am 26. Dezember ist Andreas Wittmann. Auf dem Programm steht zun\u00e4chst das popul\u00e4re Erste Klavierkonzert von Tschaikowsky. DiesesWerk, das Widmungstr\u00e4ger Hans von B\u00fclow (Pianist und Dirigent) seinerzeit als unspielbar ablehnte, interpretiert Kotaro Fukuma. Der 33-j\u00e4hrige, in Berlin lebende Japaner studierte in Paris und Berlin und nahm an Meisterkursen von so bekannten Pianisten wie Leon Fleisher, Richard Goode, Mitsuko Uchida Alicia de Larrocha, Maria Joao Pires oder Andreas Staier teil. Er\u00f6ffnet wird der Abend mit Beethovens Ouvert\u00fcre zu Goethes Trauerspiel \u201eEgmont\u201c; im zweiten Teil sind dann \u201eFinlandia\u201c von Jean Sibelius und der Bol\u00e9ro von Ravel zu h\u00f6ren.<\/p>\n<p>Das neue Jahr beginnt das sinfonie orchester berlin wie immer mit der Neunten Symphonie von Beethoven. Die Neunte, die viele Orchester gerne zum Jahresausklang auff\u00fchren, eignet sich bestens zur Er\u00f6ffnung neuen Jahres \u2013 das, vielleicht doch auch mit Hilfe der Musik ein wenig friedlicher sein m\u00f6ge als 2015. Dirigent des Abends ist wieder Stanley Dodds, in der abschlie\u00dfenden \u201eOde an die Freude\u201c wirken Katharina Richter, Christiane Oertel, Hans Beatus Straub, Krzystof Szumanski sowie der Sinfonische Chor Berlin mit.<\/p>\n<p>Am Rande sei erw\u00e4hnt, dass die Konzerte der Sinfoniker in der Regel rasch ausverkauft sind. Man sollte sich also fr\u00fchzeitig um Karten bem\u00fchen.<\/p>\n","protected":false},"excerpt":{"rendered":"<p>Im Dezember tritt das sinfonie orchester berlin allj\u00e4hrlich zu staunenswerten H\u00f6chstleistungen auf. Wenn andere Orchester \u00fcber die Feiertage pausieren, gibt das sinfonie orchester berlin in der Philharmonie vier Konzerte, nachmittags &#8230;<\/p>\n","protected":false},"author":2,"featured_media":1518,"comment_status":"closed","ping_status":"open","sticky":false,"template":"","format":"standard","meta":{"_acf_changed":false,"footnotes":""},"categories":[29],"tags":[],"class_list":["post-1549","post","type-post","status-publish","format-standard","has-post-thumbnail","hentry","category-blog-en"],"acf":[],"yoast_head":"<!-- This site is optimized with the Yoast SEO plugin v27.5 - https:\/\/yoast.com\/product\/yoast-seo-wordpress\/ -->\n<title>Weihnachtskonzerte - Konzertdirektion Prof. Victor Hohenfels<\/title>\n<meta name=\"robots\" content=\"index, follow, max-snippet:-1, max-image-preview:large, max-video-preview:-1\" \/>\n<link rel=\"canonical\" href=\"https:\/\/www.konzertdirektion-hohenfels.de\/en\/blog-en\/weihnachtskonzerte\/\" \/>\n<meta property=\"og:locale\" content=\"en_US\" \/>\n<meta property=\"og:type\" content=\"article\" \/>\n<meta property=\"og:title\" content=\"Weihnachtskonzerte - Konzertdirektion Prof. Victor Hohenfels\" \/>\n<meta property=\"og:description\" content=\"Im Dezember tritt das sinfonie orchester berlin allj\u00e4hrlich zu staunenswerten H\u00f6chstleistungen auf. Wenn andere Orchester \u00fcber die Feiertage pausieren, gibt das sinfonie orchester berlin in der Philharmonie vier Konzerte, nachmittags ...\" \/>\n<meta property=\"og:url\" content=\"https:\/\/www.konzertdirektion-hohenfels.de\/en\/blog-en\/weihnachtskonzerte\/\" \/>\n<meta property=\"og:site_name\" content=\"Konzertdirektion Prof. Victor Hohenfels\" \/>\n<meta property=\"article:publisher\" content=\"https:\/\/www.facebook.com\/konzertdirektion.hohenfels\" \/>\n<meta property=\"article:published_time\" content=\"2015-12-15T10:05:14+00:00\" \/>\n<meta property=\"og:image\" content=\"https:\/\/www.konzertdirektion-hohenfels.de\/wp-content\/uploads\/kdh_blog2.jpg\" \/>\n\t<meta property=\"og:image:width\" content=\"1200\" \/>\n\t<meta property=\"og:image:height\" content=\"500\" \/>\n\t<meta property=\"og:image:type\" content=\"image\/jpeg\" \/>\n<meta name=\"author\" content=\"Dr. Helge Gr\u00fcnewald\" \/>\n<meta name=\"twitter:card\" content=\"summary_large_image\" \/>\n<meta name=\"twitter:label1\" content=\"Written by\" \/>\n\t<meta name=\"twitter:data1\" content=\"Dr. Helge Gr\u00fcnewald\" \/>\n\t<meta name=\"twitter:label2\" content=\"Est. reading time\" \/>\n\t<meta name=\"twitter:data2\" content=\"2 minutes\" \/>\n<script type=\"application\/ld+json\" class=\"yoast-schema-graph\">{\"@context\":\"https:\\\/\\\/schema.org\",\"@graph\":[{\"@type\":\"Article\",\"@id\":\"https:\\\/\\\/www.konzertdirektion-hohenfels.de\\\/en\\\/blog-en\\\/weihnachtskonzerte\\\/#article\",\"isPartOf\":{\"@id\":\"https:\\\/\\\/www.konzertdirektion-hohenfels.de\\\/en\\\/blog-en\\\/weihnachtskonzerte\\\/\"},\"author\":{\"name\":\"Dr. Helge Gr\u00fcnewald\",\"@id\":\"https:\\\/\\\/www.konzertdirektion-hohenfels.de\\\/#\\\/schema\\\/person\\\/74a9c91c3c74bd6c2a15ea3665dab3e2\"},\"headline\":\"Weihnachtskonzerte\",\"datePublished\":\"2015-12-15T10:05:14+00:00\",\"mainEntityOfPage\":{\"@id\":\"https:\\\/\\\/www.konzertdirektion-hohenfels.de\\\/en\\\/blog-en\\\/weihnachtskonzerte\\\/\"},\"wordCount\":440,\"publisher\":{\"@id\":\"https:\\\/\\\/www.konzertdirektion-hohenfels.de\\\/#organization\"},\"image\":{\"@id\":\"https:\\\/\\\/www.konzertdirektion-hohenfels.de\\\/en\\\/blog-en\\\/weihnachtskonzerte\\\/#primaryimage\"},\"thumbnailUrl\":\"https:\\\/\\\/www.konzertdirektion-hohenfels.de\\\/wp-content\\\/uploads\\\/kdh_blog2.jpg\",\"articleSection\":[\"Blog\"],\"inLanguage\":\"en\"},{\"@type\":\"WebPage\",\"@id\":\"https:\\\/\\\/www.konzertdirektion-hohenfels.de\\\/en\\\/blog-en\\\/weihnachtskonzerte\\\/\",\"url\":\"https:\\\/\\\/www.konzertdirektion-hohenfels.de\\\/en\\\/blog-en\\\/weihnachtskonzerte\\\/\",\"name\":\"Weihnachtskonzerte - Konzertdirektion Prof. Victor Hohenfels\",\"isPartOf\":{\"@id\":\"https:\\\/\\\/www.konzertdirektion-hohenfels.de\\\/#website\"},\"primaryImageOfPage\":{\"@id\":\"https:\\\/\\\/www.konzertdirektion-hohenfels.de\\\/en\\\/blog-en\\\/weihnachtskonzerte\\\/#primaryimage\"},\"image\":{\"@id\":\"https:\\\/\\\/www.konzertdirektion-hohenfels.de\\\/en\\\/blog-en\\\/weihnachtskonzerte\\\/#primaryimage\"},\"thumbnailUrl\":\"https:\\\/\\\/www.konzertdirektion-hohenfels.de\\\/wp-content\\\/uploads\\\/kdh_blog2.jpg\",\"datePublished\":\"2015-12-15T10:05:14+00:00\",\"breadcrumb\":{\"@id\":\"https:\\\/\\\/www.konzertdirektion-hohenfels.de\\\/en\\\/blog-en\\\/weihnachtskonzerte\\\/#breadcrumb\"},\"inLanguage\":\"en\",\"potentialAction\":[{\"@type\":\"ReadAction\",\"target\":[\"https:\\\/\\\/www.konzertdirektion-hohenfels.de\\\/en\\\/blog-en\\\/weihnachtskonzerte\\\/\"]}]},{\"@type\":\"ImageObject\",\"inLanguage\":\"en\",\"@id\":\"https:\\\/\\\/www.konzertdirektion-hohenfels.de\\\/en\\\/blog-en\\\/weihnachtskonzerte\\\/#primaryimage\",\"url\":\"https:\\\/\\\/www.konzertdirektion-hohenfels.de\\\/wp-content\\\/uploads\\\/kdh_blog2.jpg\",\"contentUrl\":\"https:\\\/\\\/www.konzertdirektion-hohenfels.de\\\/wp-content\\\/uploads\\\/kdh_blog2.jpg\",\"width\":1200,\"height\":500},{\"@type\":\"BreadcrumbList\",\"@id\":\"https:\\\/\\\/www.konzertdirektion-hohenfels.de\\\/en\\\/blog-en\\\/weihnachtskonzerte\\\/#breadcrumb\",\"itemListElement\":[{\"@type\":\"ListItem\",\"position\":1,\"name\":\"Home\",\"item\":\"https:\\\/\\\/www.konzertdirektion-hohenfels.de\\\/en\\\/index-weiterleitung\\\/\"},{\"@type\":\"ListItem\",\"position\":2,\"name\":\"Weihnachtskonzerte\"}]},{\"@type\":\"WebSite\",\"@id\":\"https:\\\/\\\/www.konzertdirektion-hohenfels.de\\\/#website\",\"url\":\"https:\\\/\\\/www.konzertdirektion-hohenfels.de\\\/\",\"name\":\"Konzertdirektion Prof. Victor Hohenfels\",\"description\":\"\",\"publisher\":{\"@id\":\"https:\\\/\\\/www.konzertdirektion-hohenfels.de\\\/#organization\"},\"potentialAction\":[{\"@type\":\"SearchAction\",\"target\":{\"@type\":\"EntryPoint\",\"urlTemplate\":\"https:\\\/\\\/www.konzertdirektion-hohenfels.de\\\/?s={search_term_string}\"},\"query-input\":{\"@type\":\"PropertyValueSpecification\",\"valueRequired\":true,\"valueName\":\"search_term_string\"}}],\"inLanguage\":\"en\"},{\"@type\":\"Organization\",\"@id\":\"https:\\\/\\\/www.konzertdirektion-hohenfels.de\\\/#organization\",\"name\":\"Konzertdirektion Prof. Victor Hohenfels\",\"url\":\"https:\\\/\\\/www.konzertdirektion-hohenfels.de\\\/\",\"logo\":{\"@type\":\"ImageObject\",\"inLanguage\":\"en\",\"@id\":\"https:\\\/\\\/www.konzertdirektion-hohenfels.de\\\/#\\\/schema\\\/logo\\\/image\\\/\",\"url\":\"https:\\\/\\\/www.konzertdirektion-hohenfels.de\\\/wp-content\\\/uploads\\\/KVH_logo_newsletter.png\",\"contentUrl\":\"https:\\\/\\\/www.konzertdirektion-hohenfels.de\\\/wp-content\\\/uploads\\\/KVH_logo_newsletter.png\",\"width\":230,\"height\":117,\"caption\":\"Konzertdirektion Prof. Victor Hohenfels\"},\"image\":{\"@id\":\"https:\\\/\\\/www.konzertdirektion-hohenfels.de\\\/#\\\/schema\\\/logo\\\/image\\\/\"},\"sameAs\":[\"https:\\\/\\\/www.facebook.com\\\/konzertdirektion.hohenfels\"]},{\"@type\":\"Person\",\"@id\":\"https:\\\/\\\/www.konzertdirektion-hohenfels.de\\\/#\\\/schema\\\/person\\\/74a9c91c3c74bd6c2a15ea3665dab3e2\",\"name\":\"Dr. Helge Gr\u00fcnewald\",\"image\":{\"@type\":\"ImageObject\",\"inLanguage\":\"en\",\"@id\":\"https:\\\/\\\/secure.gravatar.com\\\/avatar\\\/0731b14229c120104d52e47050bfdd922609915a7509ada572233af035ed2533?s=96&d=mm&r=g\",\"url\":\"https:\\\/\\\/secure.gravatar.com\\\/avatar\\\/0731b14229c120104d52e47050bfdd922609915a7509ada572233af035ed2533?s=96&d=mm&r=g\",\"contentUrl\":\"https:\\\/\\\/secure.gravatar.com\\\/avatar\\\/0731b14229c120104d52e47050bfdd922609915a7509ada572233af035ed2533?s=96&d=mm&r=g\",\"caption\":\"Dr. Helge Gr\u00fcnewald\"},\"description\":\"Helge Gr\u00fcnewald kam 1967 zum Studium nach Berlin. Schon damals bestand seine Haupt-Nebenbesch\u00e4ftigung aus Konzertbesuchen in der noch recht neuen Philharmonie. Seine musikalische Bildung erfuhr er im Wesentlichen \u00fcber das H\u00f6ren, das Lesen kluger B\u00fccher und den Besuch von musikwissenschaftlichen Lehrveranstaltungen an der Freien Universit\u00e4t und der Technischen Universit\u00e4t Berlin ...\",\"url\":\"https:\\\/\\\/www.konzertdirektion-hohenfels.de\\\/en\\\/author\\\/gruenewald\\\/\"}]}<\/script>\n<!-- \/ Yoast SEO plugin. -->","yoast_head_json":{"title":"Weihnachtskonzerte - Konzertdirektion Prof. Victor Hohenfels","robots":{"index":"index","follow":"follow","max-snippet":"max-snippet:-1","max-image-preview":"max-image-preview:large","max-video-preview":"max-video-preview:-1"},"canonical":"https:\/\/www.konzertdirektion-hohenfels.de\/en\/blog-en\/weihnachtskonzerte\/","og_locale":"en_US","og_type":"article","og_title":"Weihnachtskonzerte - Konzertdirektion Prof. Victor Hohenfels","og_description":"Im Dezember tritt das sinfonie orchester berlin allj\u00e4hrlich zu staunenswerten H\u00f6chstleistungen auf. Wenn andere Orchester \u00fcber die Feiertage pausieren, gibt das sinfonie orchester berlin in der Philharmonie vier Konzerte, nachmittags ...","og_url":"https:\/\/www.konzertdirektion-hohenfels.de\/en\/blog-en\/weihnachtskonzerte\/","og_site_name":"Konzertdirektion Prof. Victor Hohenfels","article_publisher":"https:\/\/www.facebook.com\/konzertdirektion.hohenfels","article_published_time":"2015-12-15T10:05:14+00:00","og_image":[{"width":1200,"height":500,"url":"https:\/\/www.konzertdirektion-hohenfels.de\/wp-content\/uploads\/kdh_blog2.jpg","type":"image\/jpeg"}],"author":"Dr. Helge Gr\u00fcnewald","twitter_card":"summary_large_image","twitter_misc":{"Written by":"Dr. Helge Gr\u00fcnewald","Est. reading time":"2 minutes"},"schema":{"@context":"https:\/\/schema.org","@graph":[{"@type":"Article","@id":"https:\/\/www.konzertdirektion-hohenfels.de\/en\/blog-en\/weihnachtskonzerte\/#article","isPartOf":{"@id":"https:\/\/www.konzertdirektion-hohenfels.de\/en\/blog-en\/weihnachtskonzerte\/"},"author":{"name":"Dr. Helge Gr\u00fcnewald","@id":"https:\/\/www.konzertdirektion-hohenfels.de\/#\/schema\/person\/74a9c91c3c74bd6c2a15ea3665dab3e2"},"headline":"Weihnachtskonzerte","datePublished":"2015-12-15T10:05:14+00:00","mainEntityOfPage":{"@id":"https:\/\/www.konzertdirektion-hohenfels.de\/en\/blog-en\/weihnachtskonzerte\/"},"wordCount":440,"publisher":{"@id":"https:\/\/www.konzertdirektion-hohenfels.de\/#organization"},"image":{"@id":"https:\/\/www.konzertdirektion-hohenfels.de\/en\/blog-en\/weihnachtskonzerte\/#primaryimage"},"thumbnailUrl":"https:\/\/www.konzertdirektion-hohenfels.de\/wp-content\/uploads\/kdh_blog2.jpg","articleSection":["Blog"],"inLanguage":"en"},{"@type":"WebPage","@id":"https:\/\/www.konzertdirektion-hohenfels.de\/en\/blog-en\/weihnachtskonzerte\/","url":"https:\/\/www.konzertdirektion-hohenfels.de\/en\/blog-en\/weihnachtskonzerte\/","name":"Weihnachtskonzerte - Konzertdirektion Prof. Victor Hohenfels","isPartOf":{"@id":"https:\/\/www.konzertdirektion-hohenfels.de\/#website"},"primaryImageOfPage":{"@id":"https:\/\/www.konzertdirektion-hohenfels.de\/en\/blog-en\/weihnachtskonzerte\/#primaryimage"},"image":{"@id":"https:\/\/www.konzertdirektion-hohenfels.de\/en\/blog-en\/weihnachtskonzerte\/#primaryimage"},"thumbnailUrl":"https:\/\/www.konzertdirektion-hohenfels.de\/wp-content\/uploads\/kdh_blog2.jpg","datePublished":"2015-12-15T10:05:14+00:00","breadcrumb":{"@id":"https:\/\/www.konzertdirektion-hohenfels.de\/en\/blog-en\/weihnachtskonzerte\/#breadcrumb"},"inLanguage":"en","potentialAction":[{"@type":"ReadAction","target":["https:\/\/www.konzertdirektion-hohenfels.de\/en\/blog-en\/weihnachtskonzerte\/"]}]},{"@type":"ImageObject","inLanguage":"en","@id":"https:\/\/www.konzertdirektion-hohenfels.de\/en\/blog-en\/weihnachtskonzerte\/#primaryimage","url":"https:\/\/www.konzertdirektion-hohenfels.de\/wp-content\/uploads\/kdh_blog2.jpg","contentUrl":"https:\/\/www.konzertdirektion-hohenfels.de\/wp-content\/uploads\/kdh_blog2.jpg","width":1200,"height":500},{"@type":"BreadcrumbList","@id":"https:\/\/www.konzertdirektion-hohenfels.de\/en\/blog-en\/weihnachtskonzerte\/#breadcrumb","itemListElement":[{"@type":"ListItem","position":1,"name":"Home","item":"https:\/\/www.konzertdirektion-hohenfels.de\/en\/index-weiterleitung\/"},{"@type":"ListItem","position":2,"name":"Weihnachtskonzerte"}]},{"@type":"WebSite","@id":"https:\/\/www.konzertdirektion-hohenfels.de\/#website","url":"https:\/\/www.konzertdirektion-hohenfels.de\/","name":"Konzertdirektion Prof. Victor Hohenfels","description":"","publisher":{"@id":"https:\/\/www.konzertdirektion-hohenfels.de\/#organization"},"potentialAction":[{"@type":"SearchAction","target":{"@type":"EntryPoint","urlTemplate":"https:\/\/www.konzertdirektion-hohenfels.de\/?s={search_term_string}"},"query-input":{"@type":"PropertyValueSpecification","valueRequired":true,"valueName":"search_term_string"}}],"inLanguage":"en"},{"@type":"Organization","@id":"https:\/\/www.konzertdirektion-hohenfels.de\/#organization","name":"Konzertdirektion Prof. Victor Hohenfels","url":"https:\/\/www.konzertdirektion-hohenfels.de\/","logo":{"@type":"ImageObject","inLanguage":"en","@id":"https:\/\/www.konzertdirektion-hohenfels.de\/#\/schema\/logo\/image\/","url":"https:\/\/www.konzertdirektion-hohenfels.de\/wp-content\/uploads\/KVH_logo_newsletter.png","contentUrl":"https:\/\/www.konzertdirektion-hohenfels.de\/wp-content\/uploads\/KVH_logo_newsletter.png","width":230,"height":117,"caption":"Konzertdirektion Prof. Victor Hohenfels"},"image":{"@id":"https:\/\/www.konzertdirektion-hohenfels.de\/#\/schema\/logo\/image\/"},"sameAs":["https:\/\/www.facebook.com\/konzertdirektion.hohenfels"]},{"@type":"Person","@id":"https:\/\/www.konzertdirektion-hohenfels.de\/#\/schema\/person\/74a9c91c3c74bd6c2a15ea3665dab3e2","name":"Dr. Helge Gr\u00fcnewald","image":{"@type":"ImageObject","inLanguage":"en","@id":"https:\/\/secure.gravatar.com\/avatar\/0731b14229c120104d52e47050bfdd922609915a7509ada572233af035ed2533?s=96&d=mm&r=g","url":"https:\/\/secure.gravatar.com\/avatar\/0731b14229c120104d52e47050bfdd922609915a7509ada572233af035ed2533?s=96&d=mm&r=g","contentUrl":"https:\/\/secure.gravatar.com\/avatar\/0731b14229c120104d52e47050bfdd922609915a7509ada572233af035ed2533?s=96&d=mm&r=g","caption":"Dr. Helge Gr\u00fcnewald"},"description":"Helge Gr\u00fcnewald kam 1967 zum Studium nach Berlin. Schon damals bestand seine Haupt-Nebenbesch\u00e4ftigung aus Konzertbesuchen in der noch recht neuen Philharmonie. Seine musikalische Bildung erfuhr er im Wesentlichen \u00fcber das H\u00f6ren, das Lesen kluger B\u00fccher und den Besuch von musikwissenschaftlichen Lehrveranstaltungen an der Freien Universit\u00e4t und der Technischen Universit\u00e4t Berlin ...","url":"https:\/\/www.konzertdirektion-hohenfels.de\/en\/author\/gruenewald\/"}]}},"_links":{"self":[{"href":"https:\/\/www.konzertdirektion-hohenfels.de\/en\/wp-json\/wp\/v2\/posts\/1549","targetHints":{"allow":["GET"]}}],"collection":[{"href":"https:\/\/www.konzertdirektion-hohenfels.de\/en\/wp-json\/wp\/v2\/posts"}],"about":[{"href":"https:\/\/www.konzertdirektion-hohenfels.de\/en\/wp-json\/wp\/v2\/types\/post"}],"author":[{"embeddable":true,"href":"https:\/\/www.konzertdirektion-hohenfels.de\/en\/wp-json\/wp\/v2\/users\/2"}],"replies":[{"embeddable":true,"href":"https:\/\/www.konzertdirektion-hohenfels.de\/en\/wp-json\/wp\/v2\/comments?post=1549"}],"version-history":[{"count":0,"href":"https:\/\/www.konzertdirektion-hohenfels.de\/en\/wp-json\/wp\/v2\/posts\/1549\/revisions"}],"wp:featuredmedia":[{"embeddable":true,"href":"https:\/\/www.konzertdirektion-hohenfels.de\/en\/wp-json\/wp\/v2\/media\/1518"}],"wp:attachment":[{"href":"https:\/\/www.konzertdirektion-hohenfels.de\/en\/wp-json\/wp\/v2\/media?parent=1549"}],"wp:term":[{"taxonomy":"category","embeddable":true,"href":"https:\/\/www.konzertdirektion-hohenfels.de\/en\/wp-json\/wp\/v2\/categories?post=1549"},{"taxonomy":"post_tag","embeddable":true,"href":"https:\/\/www.konzertdirektion-hohenfels.de\/en\/wp-json\/wp\/v2\/tags?post=1549"}],"curies":[{"name":"wp","href":"https:\/\/api.w.org\/{rel}","templated":true}]}}